{"id":969,"date":"2018-04-16T08:27:58","date_gmt":"2018-04-16T08:27:58","guid":{"rendered":"https:\/\/www.marcaropa.com\/blog\/?p=969"},"modified":"2021-02-17T13:39:14","modified_gmt":"2021-02-17T13:39:14","slug":"punto-libro-sant-jordi","status":"publish","type":"post","link":"https:\/\/www.marcaropa.com\/blog\/punto-libro-sant-jordi\/","title":{"rendered":"\u00a1Feliz Sant Jordi y gran D\u00eda Internacional del Libro!"},"content":{"rendered":"<p>El pr\u00f3ximo <strong>23 de abril<\/strong>, en Catalunya se celebra una de las fiestas m\u00e1s bonitas que conocemos; <strong>Sant Jordi<\/strong>. Un d\u00eda en el que los <strong>libros<\/strong> y las <strong>rosas<\/strong> toman la calle. Un d\u00eda en el que la<strong> primavera<\/strong>, el <strong>amor<\/strong> y la<strong> cultura<\/strong> se dan la mano. \u00a1Nos encanta y, por ello, con tus pedidos te <strong>regalamos un punto de libro<\/strong>!<!--more--><\/p>\n<p>Tambi\u00e9n es una fecha muy se\u00f1alada en el calendario ya que es el <strong>D\u00eda Internacional del Libro<\/strong>, seg\u00fan acord\u00f3 la <strong>Unesco<\/strong> en 1995. Y no es para menos, ya que\u00a0 el 23 de abril se conmemoran diferentes situaciones vinculadas a tres <strong>escritores<\/strong> de renombre: el entierro de <strong>Miguel de Cervantes Saavedra<\/strong>, autor del c\u00e9lebre\u00a0<strong>El Quijote<\/strong>, la muerte (y, probablemente, tambi\u00e9n el nacimiento) del dramaturgo y poeta ingl\u00e9s\u00a0<strong>William Shakespeare<\/strong> (<strong>El Rey Lear, Hamlet, Otelo, Romeo y Julieta<\/strong>&#8230;) y la muerte del escritor e historiador peruano <strong>Inca Garcilaso de la Vega <\/strong>(con obras destacadas como<strong>\u00a0<\/strong><strong>Comentarios Reales de los Incas<\/strong>).<\/p>\n<p><img decoding=\"async\" loading=\"lazy\" class=\"size-medium wp-image-975 alignleft\" src=\"https:\/\/www.marcaropa.com\/blog\/wp-content\/uploads\/2018\/04\/punto-libro-marcaropa-293x300.png\" alt=\"Punto de Libro - Etiquetas Ropa Personalizadas \" width=\"293\" height=\"300\" \/><\/p>\n<p>Para unirnos a esta celebraci\u00f3n de la <strong>cultura<\/strong> y el amor a la <strong>lectura<\/strong>, desde Marcaropa os regalamos un <strong>punto de libro<\/strong> con calendario de 2018 con todos vuestros pedidos durante este mes de abril.\u00a0 Y si no quer\u00e9is que se pierdan los libros, etiquetadlos con nuestros adhesivos personalizados y nuestras <a href=\"https:\/\/www.marcaropa.com\/es\/etiquetas-para-ropa\" target=\"_blank\" rel=\"noopener\">etiquetas personalizadas<\/a>. \u00a1Aprovecha esta oferta!<\/p>\n<p>&nbsp;<\/p>\n<p>&nbsp;<\/p>\n<p>Como sabiamente escribe <strong>Jairo Gomelski<\/strong>, <strong>LA LECTURA ES LA F\u00c1BRICA DE LA IMAGINACI\u00d3N<\/strong>.\u00a0 Leamos e imaginemos, pues. \u00a1Feliz Sant Jordi y que teng\u00e1is un gran D\u00eda Internacional del Libro!<\/p>\n<p>&nbsp;<\/p>\n","protected":false},"excerpt":{"rendered":"<p>El pr\u00f3ximo 23 de abril, en Catalunya se celebra una de las fiestas m\u00e1s bonitas que conocemos; Sant Jordi. Un d\u00eda en el que los libros y las rosas toman la calle. Un d\u00eda en el que la primavera, el amor y la cultura se dan la mano. \u00a1Nos encanta y, por ello, con tus&hellip;<\/p>\n","protected":false},"author":2,"featured_media":971,"comment_status":"open","ping_status":"open","sticky":false,"template":"","format":"standard","meta":[],"categories":[13],"tags":[333,332,314,334],"aioseo_notices":[],"_links":{"self":[{"href":"https:\/\/www.marcaropa.com\/blog\/wp-json\/wp\/v2\/posts\/969"}],"collection":[{"href":"https:\/\/www.marcaropa.com\/blog\/wp-json\/wp\/v2\/posts"}],"about":[{"href":"https:\/\/www.marcaropa.com\/blog\/wp-json\/wp\/v2\/types\/post"}],"author":[{"embeddable":true,"href":"https:\/\/www.marcaropa.com\/blog\/wp-json\/wp\/v2\/users\/2"}],"replies":[{"embeddable":true,"href":"https:\/\/www.marcaropa.com\/blog\/wp-json\/wp\/v2\/comments?post=969"}],"version-history":[{"count":11,"href":"https:\/\/www.marcaropa.com\/blog\/wp-json\/wp\/v2\/posts\/969\/revisions"}],"predecessor-version":[{"id":984,"href":"https:\/\/www.marcaropa.com\/blog\/wp-json\/wp\/v2\/posts\/969\/revisions\/984"}],"wp:featuredmedia":[{"embeddable":true,"href":"https:\/\/www.marcaropa.com\/blog\/wp-json\/wp\/v2\/media\/971"}],"wp:attachment":[{"href":"https:\/\/www.marcaropa.com\/blog\/wp-json\/wp\/v2\/media?parent=969"}],"wp:term":[{"taxonomy":"category","embeddable":true,"href":"https:\/\/www.marcaropa.com\/blog\/wp-json\/wp\/v2\/categories?post=969"},{"taxonomy":"post_tag","embeddable":true,"href":"https:\/\/www.marcaropa.com\/blog\/wp-json\/wp\/v2\/tags?post=969"}],"curies":[{"name":"wp","href":"https:\/\/api.w.org\/{rel}","templated":true}]}}