{"id":767,"date":"2017-06-27T09:43:19","date_gmt":"2017-06-27T09:43:19","guid":{"rendered":"https:\/\/www.marcaropa.com\/blog\/?p=767"},"modified":"2021-02-17T12:45:29","modified_gmt":"2021-02-17T12:45:29","slug":"un-armario-ordenado-es-posible-palabrita-de-marcaropa","status":"publish","type":"post","link":"https:\/\/www.marcaropa.com\/blog\/un-armario-ordenado-es-posible-palabrita-de-marcaropa\/","title":{"rendered":"Un armario ordenado es posible. Palabrita de Marcaropa"},"content":{"rendered":"<p>El orden, incluso en las zonas que no est\u00e1n a la vista, es una de las necesidades m\u00e1s importantes en el hogar. Que los ni\u00f1os hagan de sus armarios y habitaciones el para\u00edso del desorden puede ser una mala idea y una p\u00e9rdida de tiempo y energ\u00edas. As\u00ed que hoy nos ponemos las pilas para evitar que reine el caos en <strong>los armarios de los peques<\/strong>. \u00a1Empezamos!<\/p>\n<p><!--more--><\/p>\n<p>&nbsp;<\/p>\n<h3><strong>Elige bien la ropa<\/strong><\/h3>\n<p>El primer paso para poner en orden el armario infantil es <strong>elegir la ropa<\/strong> en funci\u00f3n de las\u00a0posibilidades del armario. Por ejemplo, si el mueble tiene m\u00e1s baldas que perchas para colgar la ropa, entonces, escoge m\u00e1s camisetas. Por el contrario, si la zona de las perchas es mayor, entonces las protagonistas ser\u00e1n las camisas y los vestidos. Este truco tambi\u00e9n es de utilidad para los peques, que saben inmediatamente d\u00f3nde colocar sus ropitas.<\/p>\n<p>Te recomendamos seguir un criterio pr\u00e1ctico <strong>para ordenar la ropa de los ni\u00f1os<\/strong>, como por ejemplo, el color, el tipo de prenda, la textura de la ropa o la temporada del a\u00f1o.\u00a0Adem\u00e1s, para organizar el armario tambi\u00e9n puedes utilizar\u00a0<strong>perchas de diferentes colores<\/strong>\u00a0para cada ni\u00f1o si comparten armario: de este modo, cada uno puede identificar cu\u00e1l es su tono a trav\u00e9s de esta diferenciaci\u00f3n crom\u00e1tica.<\/p>\n<p>&nbsp;<\/p>\n<h3><strong>C\u00f3mo distribuir la ropa<\/strong><\/h3>\n<p>Coloca en las zonas altas del armario aquellas prendas de uso menos frecuente en la rutina y da prioridad a la ropa de uso habitual en las zonas de acceso directo. Por otra parte, si necesitas adaptar el mueble a nuevas necesidades, valora la posibilidad de contratar a un carpintero para que coloque m\u00e1s\u00a0baldas a medida. Esta peque\u00f1a reforma es perfecta para sacar m\u00e1s partido a la parte interior del armario y adem\u00e1s requiere un bajo presupuesto.<\/p>\n<p>Una medida pr\u00e1ctica es anotar en la parte exterior del caj\u00f3n aquello que contiene en su interior <strong>con etiquetas o vinilos de pizarra<\/strong> en los que puedas y escribir y borrar nombres seg\u00fan tus necesidades. Tambi\u00e9n puedes colocar\u00a0camas con dise\u00f1o de canap\u00e9\u00a0para\u00a0guardar s\u00e1banas, mantas, toallas\u00a0o zapatos debajo del colch\u00f3n y liberar as\u00ed espacio en los armarios. Las prendas no se mezclar\u00e1n y los peques tendr\u00e1n menos oportunidades de desordenar su ropita.<\/p>\n<p>&nbsp;<\/p>\n<h3><strong>\u00bfY si no nos cabe todo?<\/strong><\/h3>\n<p>Tal vez por una cuesti\u00f3n de espacio cada ni\u00f1o no pueda tener su propio armario pero s\u00ed es recomendable que tenga una parte propia. Compra m\u00e1s\u00a0<strong>prendas de algod\u00f3n<\/strong>\u00a0porque adem\u00e1s de no necesitar planchado, puedes doblarlas c\u00f3modamente, colocarlas en los cajones y ganar espacio en la zona de las perchas. Ay\u00fadales tambi\u00e9n a que identifiquen sus cosas dentro del armario <strong>marcando las prendas con su nombre<\/strong>. \u00a1As\u00ed sabr\u00e1n qui\u00e9n las tiene desordenadas y qui\u00e9n no!<\/p>\n<p>Si tienes trastero, guarda en esta zona de la vivienda las\u00a0<strong>prendas de otras temporadas<\/strong>. Al inicio de cada estaci\u00f3n puedes hacer inventario para quedarte \u00fanicamente con aquella ropa\u00a0que el ni\u00f1o sigue necesitando. Cada vez que tengas que hacer revisi\u00f3n en el armario, ten en cuenta tres criterios pr\u00e1cticos: qu\u00e9 ropa guardar hasta la pr\u00f3xima temporada, qu\u00e9 prendas se van a quedar ahora en el armario y qu\u00e9 cosas son ya inservibles y puedes donar a una entidad de ayuda social o a familiares.<\/p>\n<blockquote><p><span style=\"color: #3366ff;\">Recuerda que marcar la ropa y los objetos de los peques con su nombre ayuda a\u00a0que se responsabilicen del orden y del cuidado de los mismos.<\/span><\/p><\/blockquote>\n<p>&nbsp;<\/p>\n","protected":false},"excerpt":{"rendered":"<p>El orden, incluso en las zonas que no est\u00e1n a la vista, es una de las necesidades m\u00e1s importantes en el hogar. Que los ni\u00f1os hagan de sus armarios y habitaciones el para\u00edso del desorden puede ser una mala idea y una p\u00e9rdida de tiempo y energ\u00edas. As\u00ed que hoy nos ponemos las pilas para&hellip;<\/p>\n","protected":false},"author":2,"featured_media":768,"comment_status":"open","ping_status":"open","sticky":false,"template":"","format":"standard","meta":[],"categories":[70],"tags":[59,33,34,309,307,308],"aioseo_notices":[],"_links":{"self":[{"href":"https:\/\/www.marcaropa.com\/blog\/wp-json\/wp\/v2\/posts\/767"}],"collection":[{"href":"https:\/\/www.marcaropa.com\/blog\/wp-json\/wp\/v2\/posts"}],"about":[{"href":"https:\/\/www.marcaropa.com\/blog\/wp-json\/wp\/v2\/types\/post"}],"author":[{"embeddable":true,"href":"https:\/\/www.marcaropa.com\/blog\/wp-json\/wp\/v2\/users\/2"}],"replies":[{"embeddable":true,"href":"https:\/\/www.marcaropa.com\/blog\/wp-json\/wp\/v2\/comments?post=767"}],"version-history":[{"count":5,"href":"https:\/\/www.marcaropa.com\/blog\/wp-json\/wp\/v2\/posts\/767\/revisions"}],"predecessor-version":[{"id":1367,"href":"https:\/\/www.marcaropa.com\/blog\/wp-json\/wp\/v2\/posts\/767\/revisions\/1367"}],"wp:featuredmedia":[{"embeddable":true,"href":"https:\/\/www.marcaropa.com\/blog\/wp-json\/wp\/v2\/media\/768"}],"wp:attachment":[{"href":"https:\/\/www.marcaropa.com\/blog\/wp-json\/wp\/v2\/media?parent=767"}],"wp:term":[{"taxonomy":"category","embeddable":true,"href":"https:\/\/www.marcaropa.com\/blog\/wp-json\/wp\/v2\/categories?post=767"},{"taxonomy":"post_tag","embeddable":true,"href":"https:\/\/www.marcaropa.com\/blog\/wp-json\/wp\/v2\/tags?post=767"}],"curies":[{"name":"wp","href":"https:\/\/api.w.org\/{rel}","templated":true}]}}