{"id":549,"date":"2016-02-01T16:40:16","date_gmt":"2016-02-01T16:40:16","guid":{"rendered":"https:\/\/www.marcaropa.com\/blog\/?p=549"},"modified":"2021-02-16T18:49:30","modified_gmt":"2021-02-16T18:49:30","slug":"como-escoger-el-mejor-colegio-de-tus-hijos-para-el-2016-2017","status":"publish","type":"post","link":"https:\/\/www.marcaropa.com\/blog\/como-escoger-el-mejor-colegio-de-tus-hijos-para-el-2016-2017\/","title":{"rendered":"\u00bfC\u00f3mo escoger el colegio de tus hijos?"},"content":{"rendered":"<div data-blogger-escaped-style=\"text-align: justify;\">\n<div data-blogger-escaped-style=\"text-align: center;\">\n<div data-blogger-escaped-style=\"text-align: left;\">\n<p>En estas fechas las escuelas comienzan a realizar jornadas de puertas abiertas para que las familias conozcan los centros y tengan criterio a la hora de seleccionar para el pr\u00f3ximo curso. Dicha elecci\u00f3n supone un gran dilema para muchos, ya que una buena o mala elecci\u00f3n puede condicionar mucho en un futuro.<\/p>\n<\/div>\n<\/div>\n<\/div>\n<p><!--more--><\/p>\n<div data-blogger-escaped-style=\"text-align: center;\">\n<div data-blogger-escaped-style=\"text-align: left;\">\n<p>En <a href=\"http:\/\/www.marcaropa.com\/\">www.marcaropa.com<\/a> queremos ayudaros a que escoj\u00e1is el centro m\u00e1s adecuado. A parte de nuestro trabajo, el colegio puede condicionar nuestra vida cotidiana, el progreso acad\u00e9mico y personal de nuestros hijos depende, en buena medida de su integraci\u00f3n en la escuela. A parte de la educaci\u00f3n y valores que puedan recibir por parte de la familia, en la escuela aprender\u00e1n a socializarse. La ubicaci\u00f3n del centro puede ser importante para nuestra comodidad, pero hay muchos otros puntos a tener en cuenta.<\/p>\n<\/div>\n<\/div>\n<div data-blogger-escaped-style=\"text-align: center;\"><\/div>\n<div data-blogger-escaped-style=\"text-align: center;\">\n<div data-blogger-escaped-style=\"text-align: left;\">\n<h2><b><span style=\"font-size: x-large;\" data-blogger-escaped-style=\"font-size: large;\">Os dejamos varios consejos a tener en cuenta a la hora de escoger la escuela:<\/span><\/b><\/h2>\n<\/div>\n<\/div>\n<div data-blogger-escaped-style=\"text-align: center;\"><\/div>\n<ul>\n<li data-blogger-escaped-style=\"text-align: center;\">No escoger el centro de forma r\u00e1pida sin comparar con otras escuelas ni valorar con detalle. Tu hijo puede estar hasta 15 a\u00f1os de su vida, en las escuelas en las que cursan Bachillerato. Debemos conocer al director y profesorado si es posible, sistema ideol\u00f3gico, sistema acad\u00e9mico, actividades extra escolares, ubicaci\u00f3n, resultados acad\u00e9micos de los alumnos del centro, etc. La opini\u00f3n de otras familias debe ser escuchada, pero es posible que nuestras necesidades sean distintas y lo que es v\u00e1lido para una familia no sea lo \u00f3ptimo para la nuestra.<\/li>\n<\/ul>\n<ul>\n<li data-blogger-escaped-style=\"text-align: center;\">No debemos tener en cuenta solo si es un colegio privado, p\u00fablico, concertado, religioso\/laico, el deporte, la proximidad a nuestra residencia, los resultados acad\u00e9micos&#8230; Debemos hacer balance del conjunto de todos los factores.<\/li>\n<\/ul>\n<ul>\n<li data-blogger-escaped-style=\"text-align: center;\">En una escuela son tan importantes los profesores como los alumnos y sus familiares. Debemos escoger un centro en el que nuestros hijos se encuentren a gusto con el entorno. Una buena opci\u00f3n puede ser visitar los colegios que nos interesan a la hora de la salida, para ver como se comportan tanto los ni\u00f1os como las familias cuando los recogen, la organizaci\u00f3n de la escuela y los profesores que despiden a sus alumnos.<\/li>\n<\/ul>\n<ul>\n<li data-blogger-escaped-style=\"text-align: center;\">Si nuestro hijo necesita alg\u00fan tipo de educaci\u00f3n o atenci\u00f3n especial debemos buscar el centro que pueda gestionar mejor con refuerzo de profesorado o profesional necesario para que pueda seguir el ritmo adecuado y no sienta frustraci\u00f3n. Es muy importante la atenci\u00f3n personalizada y continuada, as\u00ed como la detecci\u00f3n y desarrollo de las capacidades de cada ni\u00f1o. En ocasiones los ni\u00f1os necesitan una escuela con una sola l\u00ednea por clase para sentirse seguros y protegidos. De esta forma tanto profesorado como alumnos se conocen y relacionan de forma m\u00e1s familiar. Sin embargo tambi\u00e9n son una buena opci\u00f3n las escuelas con varias l\u00edneas por curso, donde se evitan los v\u00ednculos dependientes de ni\u00f1os y los mezclan cada dos a\u00f1os, para intentar que el menor se haga fuerte frente a los cambios.<\/li>\n<\/ul>\n<ul>\n<li data-blogger-escaped-style=\"text-align: center;\">Si el cambio se realiza en la adolescencia, es importante tener en cuenta que nuestro hijo ya no es un preescolar, sin\u00f3 una personita con un car\u00e1cter definido. Es f\u00e1cil caer en el error de intentar reforzar la cualidad o conocimiento del que carece. Pero quiz\u00e1s es m\u00e1s importante reforzar sus cualidades. Sobre todo, cuando han de empezar a escoger entre ciencias, letras, art\u00edstico, human\u00edstico; no debemos intentar reforzar tanto sus carencias sino potencias sus aptitudes. De esta forma conseguiremos mayor motivaci\u00f3n y por tanto mayores resultados en las notas y el ni\u00f1o ganar\u00e1 seguridad en s\u00ed mismo e ir\u00e1 definiendo su futura afici\u00f3n y profesi\u00f3n.<\/li>\n<\/ul>\n<ul>\n<li data-blogger-escaped-style=\"text-align: center;\">Un tema muy importante a la hora de escoger el colegio es tener en cuenta si hay alg\u00fan tipo de alergia o intolerancia alimentaria. Hay escuelas muy preparadas y otras con menos medios. Para conocer sus medios debemos preguntar si tienen cocina propia o servicio de catering, si cuentan con otros ni\u00f1os con el mismo tipo de problema alimentario que nuestro hijo.<\/li>\n<\/ul>\n<ul>\n<li data-blogger-escaped-style=\"text-align: center;\">El idioma es otro de los puntos a tener en cuenta. Hay escuelas que utilizan el ingl\u00e9s desde la primaria para asignaturas como deporte, inform\u00e1tica, arts&amp;Craft (dibujo y manuales), ciencias, etc.<\/li>\n<\/ul>\n<ul>\n<li data-blogger-escaped-style=\"text-align: center;\">Debemos tener en cuenta el coste de la escuela, no solo de las horas lectivas sino de las actividades extra escolares, si hay opci\u00f3n de acogida por la ma\u00f1ana y por la tarde.<\/li>\n<\/ul>\n<ul>\n<li data-blogger-escaped-style=\"text-align: center;\">Las escuelas p\u00fablicas, concertadas y privadas no tienen el mismo horario, por lo que es otro aspecto a tener en cuenta.<\/li>\n<\/ul>\n<ul>\n<li data-blogger-escaped-style=\"text-align: center;\">Es importante visitar el centro, ver las instalaciones, la limpieza, las aulas, escuchar al director o profesionales, conocer el proyecto educativo de la escuela.<\/li>\n<\/ul>\n<ul>\n<li data-blogger-escaped-style=\"text-align: center;\">Por todo lo anterior citado, es importante valorar a nuestro hijo para escoger en que escuela puede desarrollarse y crecer tanto a nivel acad\u00e9mico como personal.<\/li>\n<\/ul>\n<p>&nbsp;<\/p>\n<p>Una vez seleccionado el centro ideal para nosotros es importante conocer el procedimiento a seguir para solicitar plaza. Recordar que seg\u00fan proximidad, si hay hermanos en el centro, si hay el ni\u00f1o necesita alg\u00fan tipo de atenci\u00f3n especial o tiene alguna alergia o intolerancia tendr\u00e9is m\u00e1s o menos puntos. Tendremos que informarnos de las condiciones exactas y las fechas importantes para poder aplicar con el tiempo suficiente y no quedarnos fuera ni en lista de espera; estamos hablando del FUTURO de nuestros hijos.<\/p>\n<div data-blogger-escaped-style=\"text-align: center;\">\n<p>Esperamos que os haya servido de ayuda esta informaci\u00f3n. Lo que seguro que s\u00ed servir\u00e1n de gran ayuda, son nuestras etiquetas personalizadas, para marcar las chaquetas y todo tipo de ropa, colgar las batas, marcar los libros y objetos personales. De esta forma os asegurar\u00e9is que no perder\u00e1n nada en el cole;) Con nuestros divertidos iconos los m\u00e1s peque\u00f1os podr\u00e1n identificar sus cosas si todav\u00eda no saben leer.<\/p>\n<p>Las encontrar\u00e9is en: <a href=\"https:\/\/etiquetas-para-ropa.marcaropa.com\/es\/otros-productos\">https:\/\/etiquetas-para-ropa.marcaropa.com\/es\/otros-productos<\/a><\/p>\n<\/div>\n","protected":false},"excerpt":{"rendered":"<p>En estas fechas las escuelas comienzan a realizar jornadas de puertas abiertas para que las familias conozcan los centros y tengan criterio a la hora de seleccionar para el pr\u00f3ximo curso. Dicha elecci\u00f3n supone un gran dilema para muchos, ya que una buena o mala elecci\u00f3n puede condicionar mucho en un futuro.<\/p>\n","protected":false},"author":2,"featured_media":622,"comment_status":"open","ping_status":"open","sticky":false,"template":"","format":"standard","meta":[],"categories":[12],"tags":[59,7,100,99],"aioseo_notices":[],"_links":{"self":[{"href":"https:\/\/www.marcaropa.com\/blog\/wp-json\/wp\/v2\/posts\/549"}],"collection":[{"href":"https:\/\/www.marcaropa.com\/blog\/wp-json\/wp\/v2\/posts"}],"about":[{"href":"https:\/\/www.marcaropa.com\/blog\/wp-json\/wp\/v2\/types\/post"}],"author":[{"embeddable":true,"href":"https:\/\/www.marcaropa.com\/blog\/wp-json\/wp\/v2\/users\/2"}],"replies":[{"embeddable":true,"href":"https:\/\/www.marcaropa.com\/blog\/wp-json\/wp\/v2\/comments?post=549"}],"version-history":[{"count":9,"href":"https:\/\/www.marcaropa.com\/blog\/wp-json\/wp\/v2\/posts\/549\/revisions"}],"predecessor-version":[{"id":1349,"href":"https:\/\/www.marcaropa.com\/blog\/wp-json\/wp\/v2\/posts\/549\/revisions\/1349"}],"wp:featuredmedia":[{"embeddable":true,"href":"https:\/\/www.marcaropa.com\/blog\/wp-json\/wp\/v2\/media\/622"}],"wp:attachment":[{"href":"https:\/\/www.marcaropa.com\/blog\/wp-json\/wp\/v2\/media?parent=549"}],"wp:term":[{"taxonomy":"category","embeddable":true,"href":"https:\/\/www.marcaropa.com\/blog\/wp-json\/wp\/v2\/categories?post=549"},{"taxonomy":"post_tag","embeddable":true,"href":"https:\/\/www.marcaropa.com\/blog\/wp-json\/wp\/v2\/tags?post=549"}],"curies":[{"name":"wp","href":"https:\/\/api.w.org\/{rel}","templated":true}]}}