{"id":445,"date":"2016-04-23T12:55:03","date_gmt":"2016-04-23T12:55:03","guid":{"rendered":"https:\/\/www.marcaropa.com\/blog\/?p=445"},"modified":"2021-02-16T18:42:36","modified_gmt":"2021-02-16T18:42:36","slug":"dia-internacional-del-libro","status":"publish","type":"post","link":"https:\/\/www.marcaropa.com\/blog\/dia-internacional-del-libro\/","title":{"rendered":"D\u00eda internacional del libro"},"content":{"rendered":"<p>El pr\u00f3ximo s\u00e1bado se celebra el d\u00eda internacional del libro y a su vez se conmemoran el 400 aniversario fallecimiento de Miguel de Cervantes y de William Shakespeare. No\u00a0es\u00a0de extra\u00f1ar la elecci\u00f3n del 23 de abril para esta celebraci\u00f3n, pues curiosamente tambi\u00e9n en esta fecha fallecieron o nacieron otros escritores importantes como Inca Garcilaso de la Vega, Maurice Druon, K. Laxness, Vladimir Nabokov, Josep Pla o Manuel Mej\u00eda Vallejo.<\/p>\n<p><img decoding=\"async\" loading=\"lazy\" class=\"size-full wp-image-446 aligncenter\" src=\"https:\/\/www.marcaropa.com\/blog\/wp-content\/uploads\/2017\/03\/1_Cervantes.jpg\" alt=\"\" width=\"200\" height=\"181\" \/><\/p>\n<p style=\"text-align: center;\"><a href=\"https:\/\/es.wikipedia.org\/wiki\/Miguel_de_Cervantes\">Miguel de Cervantes<\/a><\/p>\n<p>Este a\u00f1o, debido al aniversario especial de Cervantes y Shakespeare se preparan much\u00edsimos eventos. En Inglaterra lo est\u00e1n montando por todo lo alto, as\u00ed que si alguno de vosotros tiene la suerte de poder escaparse en breve a tierras inglesas os acosnsejamos que ech\u00e9is un ojo a los eventos y propuestas que ofrecen para familias. Muchos eventos se realizar\u00e1n alrededor de los teatros de Stratford y a las 10 de la noche del d\u00eda 23 estallar\u00e1n los fuegos artificiales que tienen prepaprados.<\/p>\n<p><img decoding=\"async\" loading=\"lazy\" class=\"size-full wp-image-451 aligncenter\" src=\"https:\/\/www.marcaropa.com\/blog\/wp-content\/uploads\/2017\/03\/2_Shakespeare.jpg\" alt=\"\" width=\"156\" height=\"200\" \/><\/p>\n<p style=\"text-align: center;\"><a href=\"https:\/\/en.wikipedia.org\/wiki\/William_Shakespeare\">William Shakespeare<\/a><\/p>\n<div data-blogger-escaped-style=\"text-align: left;\">\n<p><a href=\"http:\/\/shakespeareweek.org.uk\/events\/\">Shakespeare Week<\/a><\/p>\n<\/div>\n<div data-blogger-escaped-style=\"text-align: left;\">\n<p><a href=\"http:\/\/www.shakespearesglobe.com\/education\/events\/family-events\">Shakespeare Globe<\/a><\/p>\n<p>Si est\u00e1is viviendo fuera de Espa\u00f1a y ten\u00e9is cerca alg\u00fan instituto Cervantes os recomendamos que ech\u00e9is un ojo a los eventos que preparan, pues seguramente est\u00e9n preparando alg\u00fan evento especial para estas fechas. (<a href=\"http:\/\/www.cervantes.es\/\">Pincha aqu\u00ed<\/a>)<\/p>\n<\/div>\n<p>Y en el caso, como nosotros, que os qued\u00e9is en casa, tambi\u00e9n os recomendamos que mir\u00e9is en vuestros Ayuntamientos, bibliotecas, centros c\u00edvicos, los eventos que se est\u00e1n preparando, pues siendo s\u00e1bado el 23 de abril, seguramente se celebren muchos eventos para familias y qu\u00e9 mejor que pasar un buen rato en familia!<\/p>\n<p>En Catalu\u00f1a existe la tradici\u00f3n de celebrar este d\u00eda como Sant Jordi. Es un d\u00eda muy especial porque sin ser festivo, toda la ciudad se vuelca para celebrar este d\u00eda siendo las paradas de libros y la venta de rosas los protagonistas. Si ten\u00e9is la oportunidad de estar el s\u00e1bado ah\u00ed, seguro que lo disfrut\u00e1is.<\/p>\n<p><img decoding=\"async\" loading=\"lazy\" class=\"size-full wp-image-452 aligncenter\" src=\"https:\/\/www.marcaropa.com\/blog\/wp-content\/uploads\/2017\/03\/Instituto-Cervantes.png\" alt=\"\" width=\"200\" height=\"200\" \/><\/p>\n<p style=\"text-align: center;\"><a href=\"http:\/\/www.cervantes.es\/\">Instituto Cervantes<\/a><\/p>\n<p><a href=\"http:\/\/web.gencat.cat\/es\/web\/sant-jordi\">Sant Jordi en Catalu\u00f1a.<\/a><\/p>\n<p><a href=\"http:\/\/lameva.barcelona.cat\/es\/santjordi\">Sant Jordi en Barcelona<\/a>.<\/p>\n<p>Nosotros queremos animaros a que celebr\u00e9is este d\u00eda con vuestros peques comprando alg\u00fan libro o visitando alguna biblioteca.<br \/>\nLa lectura es muy importante para los ni\u00f1os. Seg\u00fan <a href=\"https:\/\/es.wikipedia.org\/wiki\/Emili_Teixidor\">Emili Teixidor<\/a>, en su libro \u00ab<a href=\"http:\/\/www.planetadelibros.com\/libro-la-lectura-y-la-vida\/15700\">La lectura y la vida<\/a>\u00ab, la mejor manera para contagiar el deseo de leer es el ejemplo. As\u00ed que si no hab\u00e9is tomado la costumbre de leer, siempre es un buen momento comenzar e iniciar esta rutina.<br \/>\nSi no sabes por donde empezar, os recomendamos la visita a alguna librer\u00eda o biblioteca y escoj\u00e1is alg\u00fan libro para que le\u00e1is juntos a poder ser que sea divertido y lo disfrut\u00e9is pues as\u00ed querr\u00e1n repetir la experiencia.<\/p>\n<p>Es importante comprar un libro adecuado a su edad, durante los 3 primeros a\u00f1os aconsejan libros de escenas cotidianas donde puedan adquirir vocabulario.<br \/>\nA partir de los 10 a\u00f1os llegan los libros de aventuras, donde su imaginaci\u00f3n juega un papel muy importante. La lectura estimular\u00e1 su creatividad e imaginaci\u00f3n.<\/p>\n<p>Diversos estudios aconsejan leer en voz alta para ayudar a mejorar la expresi\u00f3n, la interpretaci\u00f3n y la comprensi\u00f3n de los textos que leemos.<\/p>\n<p>Un reciente estudio de la universidad de Roma III publicado por el peri\u00f3dico <i><a href=\"http:\/\/elpais.com\/elpais\/2016\/01\/22\/eps\/1453483676_726569.html?id_externo_rsoc=TW_CM\">El Pa\u00eds<\/a><\/i>, ha obtenido como resultado de su investigaci\u00f3n la afirmaci\u00f3n de que \u00abLa lectura nos hace m\u00e1s felices y nos ayuda a afrontar mejor la existencia. Los lectores est\u00e1n m\u00e1s contentos y satisfechos que los no lectores, en general son menos agresivos y m\u00e1s optimistas\u201d.<\/p>\n<p>As\u00ed pues, invocando al optimismo hemos recopilado algunos libros que nos parecen interesantes.<\/p>\n<p>&nbsp;<\/p>\n<h1>Algunas recomendaciones<\/h1>\n<h2>Herv\u00e9 Tullet<\/h2>\n<p>Los libros de Herv\u00e9 Tullet son de lo m\u00e1s m\u00e1gico que hay. Son libros con los que podr\u00e1s compartir y disfrutar con los peques. Te los recomendamos para pasar una buena tarde de sorpresas, pues son de lo m\u00e1s entretenidos. Herv\u00e9 Tullet tiene muchos libros, nosotros os recomendamos 2 que nos han encantado.<\/p>\n<p><img decoding=\"async\" loading=\"lazy\" class=\"alignnone size-full wp-image-453\" src=\"https:\/\/www.marcaropa.com\/blog\/wp-content\/uploads\/2017\/03\/Un-libroAs\u00ed-son-los-colores.jpg\" alt=\"\" width=\"1693\" height=\"474\" \/><\/p>\n<h2><\/h2>\n<p>&nbsp;<\/p>\n<h2>El conejito que quer\u00eda dormirse<\/h2>\n<p>Si necesit\u00e1is alg\u00fan libro para dormir, este es vuestro libro, ha recibido muy buenas cr\u00edticas:\u00bbEl conejito que quer\u00eda dormirse\u00bb Muchos ni\u00f1os tienen problemas para conciliar el sue\u00f1o y este cuento est\u00e1 creado para inducir al sue\u00f1o. Su autor es Carl-Johan Forss\u00e9n Ehrlin, un escritor de nacionalidad sueca.<br \/>\nEn la mayor\u00eda de casos funciona, quiz\u00e1s por aburrimiento ya que el cuento repite constantemente las palabras claves, pero el resultado es el deseado sin ninguna duda.<\/p>\n<p><img decoding=\"async\" loading=\"lazy\" class=\"size-full wp-image-457 aligncenter\" src=\"https:\/\/www.marcaropa.com\/blog\/wp-content\/uploads\/2017\/03\/El-conejito.jpg\" alt=\"\" width=\"849\" height=\"477\" \/><\/p>\n<h2><\/h2>\n<p>&nbsp;<\/p>\n<h2>El monstruo de colores<\/h2>\n<p>Si necesit\u00e1is alg\u00fan libro que hable de las emociones, os recomendamos que ech\u00e9is un vistazo a este maravilloso libro: \u00abEl Monstruo de Colores\u00bb de Anna Llenas.<br \/>\nNuestro peque\u00f1o protagonista se hace un l\u00edo y confunde sus emociones: alegr\u00eda rabia, calma, miedo&#8230; cada una es diferenciada con un color.<br \/>\nEs un entretenido libro que nos ayudar\u00e1 con las emociones. Es muy interesante la charla que pod\u00e9is tener con vuestro peque despu\u00e9s de terminar el libro.<\/p>\n<p><img decoding=\"async\" loading=\"lazy\" class=\"size-full wp-image-460 aligncenter\" src=\"https:\/\/www.marcaropa.com\/blog\/wp-content\/uploads\/2017\/03\/El-monstruo-de-colores.jpg\" alt=\"\" width=\"849\" height=\"474\" \/><\/p>\n<h2><\/h2>\n<p>&nbsp;<\/p>\n<h2>El amor es cosa de monstruos<\/h2>\n<p>Otro sobre monstruos que es una dulzura es : \u00abEl amor es cosa de monstruos\u00bbde Xavier Gallego, una delicia!! es ideal para leer y comentar con el peque las ilustraciones, conversar acerca del amor y de los sentimientos: \u00bfqu\u00e9 es el amor? \u00bfqu\u00e9 significa estar enamorado?&#8230; estas y m\u00e1s preguntas las encontrar\u00e9is en este precioso libro de monstruos dulces. Hay algunos test para interactuar y nos parece de lo m\u00e1s entretenido.<\/p>\n<p>Desde luego la lista que tenemos de libros es muy larga, en esta ocasi\u00f3n hemos querido resaltar \u00e9stos que nos han parecido ideales para regalar en estas fechas. Si ten\u00e9is alg\u00fan libro que cre\u00e1is que tenemos que mencionar y que no puede faltar, por favor com\u00e9ntalo al final del post porque seguramente m\u00e1s de uno te lo agradecer\u00e1.<br \/>\nY porque como no s\u00f3lo los peques se tienen que llevar la mejor parte&#8230;. Tambi\u00e9n hemos seleccionado unos cuantos libros para mayores.<\/p>\n<p><img decoding=\"async\" loading=\"lazy\" class=\"size-full wp-image-461 aligncenter\" src=\"https:\/\/www.marcaropa.com\/blog\/wp-content\/uploads\/2017\/03\/El-amor-es-cosa-de-monstruos.jpg\" alt=\"\" width=\"852\" height=\"477\" \/><\/p>\n<h2><\/h2>\n<p>&nbsp;<\/p>\n<h2>Madre in Spain<\/h2>\n<p>Nos ha encantado la \u00faltima entrega de <a href=\"https:\/\/twitter.com\/SenoritaPuri\">@se\u00f1oritapuri<\/a>. Si no la conoc\u00e9is os recomiendo que la sig\u00e1is en twitter, os sacar\u00e1 una sonrisa en m\u00e1s de una ocasi\u00f3n.<br \/>\nSus otros dos libros\u00bbTe dejo es jodete al rev\u00e9s\u00bb y \u00abFamilia: con tensi\u00f3n completa\u00bb, nos encantaron. Son de esos libros que te los devoras en un plis-plas.<br \/>\n\u00abMadre in Spain\u00bb habla de las rutinas como madres, desde una perspectiva humor\u00edstica. Hay que saber re\u00edrse de uno mismo y \u00e9sta es una de las mejores maneras de hacerlo creednos, pasar\u00e9is un buen rato.<\/p>\n<p><img decoding=\"async\" loading=\"lazy\" class=\"size-full wp-image-462 aligncenter\" src=\"https:\/\/www.marcaropa.com\/blog\/wp-content\/uploads\/2017\/03\/Madre-in-Spain.jpg\" alt=\"\" width=\"852\" height=\"477\" \/><\/p>\n<h2><\/h2>\n<p>&nbsp;<\/p>\n<h2>La vol\u00e1til mamamia!<\/h2>\n<p>Otro libro que ya tiene alg\u00fan tiempo pero nos encant\u00f3 en su momento y os recomiendo por si ten\u00e9is que regalar a una futura madre, es el libro de \u00abLa vol\u00e1til mamamia!\u00bb es un libro con mucho humor y con unas ilustraciones maravillosas que os sacar\u00e1n una sonrisa!<br \/>\nEsta ilustradora tiene otros libros y mucho merchandising delicioso que pod\u00e9is ver su web, estamos convencidos de que os encantar\u00e1.<\/p>\n<p><a href=\"http:\/\/www.agustinaguerrero.com\/\">http:\/\/www.agustinaguerrero.com<\/a><\/p>\n<p><img decoding=\"async\" loading=\"lazy\" class=\"size-full wp-image-463 aligncenter\" src=\"https:\/\/www.marcaropa.com\/blog\/wp-content\/uploads\/2017\/03\/La-vol\u00e1til-Mamma-mia.jpg\" alt=\"\" width=\"848\" height=\"477\" \/><\/p>\n<h2><\/h2>\n<p>&nbsp;<\/p>\n<h2>Oh, my Dad!<\/h2>\n<p>Otro libro que nos ha encantado es \u00aboh my dad!\u00bb un libro que os encantar\u00e1, sobre todo a los padres novatos. Se trata de un libro-c\u00f3mic con mucho humor para quitarle hierro a la novedad de ser padre por primera vez. Si no tienes mucho tiempo para leer y te gustan los c\u00f3mics, este es tu libro.<\/p>\n<p><img decoding=\"async\" loading=\"lazy\" class=\"size-full wp-image-464 aligncenter\" src=\"https:\/\/www.marcaropa.com\/blog\/wp-content\/uploads\/2017\/03\/Oh-My-dad.jpg\" alt=\"\" width=\"849\" height=\"478\" \/><\/p>\n<h2><\/h2>\n<p>&nbsp;<\/p>\n<h2>Padre. El \u00faltimo mono<\/h2>\n<p>En la misma l\u00ednea encontramos \u00abPadre. El \u00faltimo mono\u00bb un libro de Berto Romero junto a otros padres primerizos que te har\u00e1n sacar una sonrisa. Tiene alg\u00fan tiempo, pero a alg\u00fan novato le puede venir bien unas risas para calmar tensi\u00f3n.<br \/>\nNo hay nada como ver desde otro punto de vista que lo que te sucede a ti diariamente. Sobre todo si va cargado de humor.<\/p>\n<p><img decoding=\"async\" loading=\"lazy\" class=\"size-full wp-image-465 aligncenter\" src=\"https:\/\/www.marcaropa.com\/blog\/wp-content\/uploads\/2017\/03\/Padre-el-\u00faltimo-mono.jpg\" alt=\"\" width=\"848\" height=\"477\" \/><\/p>\n<p>&nbsp;<\/p>\n<p>Nos dejamos muchos libros en el tintero&#8230; sabemos que hay much\u00edsimos m\u00e1s libros ideales para regalar, comprar e intercambiar en este fant\u00e1stico d\u00eda internacional del libro.<br \/>\nSi ten\u00e9is alguna recomendaci\u00f3n no dud\u00e9is en agregarla!!<\/p>\n","protected":false},"excerpt":{"rendered":"<p>El pr\u00f3ximo s\u00e1bado se celebra el d\u00eda internacional del libro y a su vez se conmemoran el 400 aniversario fallecimiento de Miguel de Cervantes y de William Shakespeare. No\u00a0es\u00a0de extra\u00f1ar la elecci\u00f3n del 23 de abril para esta celebraci\u00f3n, pues curiosamente tambi\u00e9n en esta fecha fallecieron o nacieron otros escritores importantes como Inca Garcilaso de&#8230;<\/p>\n<div class=\"btnReadMore brnhmbx-font-1 fs20\"><a href=\"https:\/\/www.marcaropa.com\/blog\/dia-internacional-del-libro\/\"><span class=\"robin-icon-asterisk mr5\">&#8211;<\/span>Leer m\u00e1s<span class=\"robin-icon-asterisk ml5\">&#8211;<\/span><\/a><\/div>\n","protected":false},"author":2,"featured_media":619,"comment_status":"open","ping_status":"open","sticky":false,"template":"","format":"standard","meta":[],"categories":[12,13],"tags":[220,72,79,80,81,82,83,84,85],"aioseo_notices":[],"_links":{"self":[{"href":"https:\/\/www.marcaropa.com\/blog\/wp-json\/wp\/v2\/posts\/445"}],"collection":[{"href":"https:\/\/www.marcaropa.com\/blog\/wp-json\/wp\/v2\/posts"}],"about":[{"href":"https:\/\/www.marcaropa.com\/blog\/wp-json\/wp\/v2\/types\/post"}],"author":[{"embeddable":true,"href":"https:\/\/www.marcaropa.com\/blog\/wp-json\/wp\/v2\/users\/2"}],"replies":[{"embeddable":true,"href":"https:\/\/www.marcaropa.com\/blog\/wp-json\/wp\/v2\/comments?post=445"}],"version-history":[{"count":17,"href":"https:\/\/www.marcaropa.com\/blog\/wp-json\/wp\/v2\/posts\/445\/revisions"}],"predecessor-version":[{"id":590,"href":"https:\/\/www.marcaropa.com\/blog\/wp-json\/wp\/v2\/posts\/445\/revisions\/590"}],"wp:featuredmedia":[{"embeddable":true,"href":"https:\/\/www.marcaropa.com\/blog\/wp-json\/wp\/v2\/media\/619"}],"wp:attachment":[{"href":"https:\/\/www.marcaropa.com\/blog\/wp-json\/wp\/v2\/media?parent=445"}],"wp:term":[{"taxonomy":"category","embeddable":true,"href":"https:\/\/www.marcaropa.com\/blog\/wp-json\/wp\/v2\/categories?post=445"},{"taxonomy":"post_tag","embeddable":true,"href":"https:\/\/www.marcaropa.com\/blog\/wp-json\/wp\/v2\/tags?post=445"}],"curies":[{"name":"wp","href":"https:\/\/api.w.org\/{rel}","templated":true}]}}